{"id":22879,"date":"2020-02-03T12:56:14","date_gmt":"2020-02-03T12:56:14","guid":{"rendered":"https:\/\/vandorboy.com\/?p=22879"},"modified":"2020-05-11T12:21:55","modified_gmt":"2020-05-11T10:21:55","slug":"mi-is-az-okocidum","status":"publish","type":"post","link":"https:\/\/vandorboy.com\/en\/mi-is-az-okocidum\/","title":{"rendered":"Mi is az \u00f6kocidium?"},"content":{"rendered":"\n<p>Tal\u00e1lkoztam <a rel=\"noreferrer noopener\" aria-label=\"egy \u00e9rdekes cikkel (\u00faj f\u00fcl\u00f6n nyitja meg)\" href=\"https:\/\/www.metazin.hu\/index.php\/item\/3830-konzumzoldek\" target=\"_blank\">egy \u00e9rdekes cikkel<\/a> melyben felmer\u00fclt az \u00f6kocidum fogalma.  R\u00e9g\u00f3ta foglalkoztat a t\u00e9ma, az emberis\u00e9g hat\u00e1sa a k\u00f6rnyezetre. S nem voltak k\u00e9telyeim, hisz ha van genoc\u00eddum (zsid\u00f3k, \u00f6rm\u00e9nyek, kurdok, ), akkor mi\u00e9rt is gondoln\u00e1nk, hogy az emberek a term\u00e9szet fel\u00e9 m\u00e1smilyen attit\u0171ddel forduln\u00e1nak.<\/p>\n\n\n\n<figure class=\"wp-block-image\"><img loading=\"lazy\" decoding=\"async\" width=\"720\" height=\"469\" src=\"https:\/\/vandorboy.com\/wp-content\/uploads\/2020\/05\/a-vilag-tudeje.jpg\" alt=\"a vilag tudeje, term\u00e9szet\" class=\"wp-image-22881\" srcset=\"https:\/\/vandorboy.com\/wp-content\/uploads\/2020\/05\/a-vilag-tudeje.jpg 720w, https:\/\/vandorboy.com\/wp-content\/uploads\/2020\/05\/a-vilag-tudeje-300x195.jpg 300w\" sizes=\"auto, (max-width: 720px) 100vw, 720px\" \/><figcaption>a vilag tudeje, term\u00e9szet<\/figcaption><\/figure>\n\n\n\n<p><strong>A glob\u00e1lis fenntarthat\u00f3s\u00e1g csak akkor val\u00f3s\u00edthat\u00f3 meg, ha gy\u00f6keresen \u00e1talak\u00edtjuk a termel\u00e9st \u00e9s a fogyaszt\u00e1st \u2013 \u00e1ll\u00edtj\u00e1k baloldali szerz\u0151k. N\u00e9melyik m\u00e9g az \u00fajrahasznos\u00edt\u00e1st is k\u00e1rt\u00e9konynak tartja. A nagyv\u00e1llalatok \u00e9s a fogyaszt\u00f3k megf\u00e9kez\u00e9se \u00e9rdek\u00e9ben drasztikus \u00e1llami beavatkoz\u00e1st s\u00fcrgetnek.<\/strong><\/p>\n\n\n\n<p>\u201e<a rel=\"noreferrer noopener\" href=\"https:\/\/jacobinmag.com\/2019\/12\/against-recycling-con-corporations-environment-waste-excess\" target=\"_blank\">Ahelyett, hogy a nagyv\u00e1llalatok ak\u00e1r profitcs\u00f6kken\u00e9s \u00e1r\u00e1n visszafogn\u00e1k hullad\u00e9kanyag-termel\u00e9s\u00fcket, a fogyaszt\u00f3kra h\u00e1rul a szem\u00e9t eltakar\u00edt\u00e1sa<\/a>. A tr\u00fckk\u00f6s nagyv\u00e1llalatoknak siker\u00fclt \u00fagy be\u00e1ll\u00edtaniuk a hullad\u00e9kprobl\u00e9m\u00e1t, mintha az egy\u00e9ni \u00e9letvitel \u00e9s a fogyaszt\u00f3i d\u00f6nt\u00e9sek k\u00f6vetkezm\u00e9nye lenne, nem pedig a v\u00e1llalati termel\u00e9s\u00e9\u201d \u2013 \u00edrja Joshua Manson a radik\u00e1lis baloldali Jacobin magazinban.<\/p>\n\n\n\n<figure class=\"wp-block-image\"><img loading=\"lazy\" decoding=\"async\" width=\"545\" height=\"421\" src=\"https:\/\/vandorboy.com\/wp-content\/uploads\/2020\/05\/az-id\u0151j\u00e1r\u00e1s...jpg\" alt=\"\" class=\"wp-image-22882\" srcset=\"https:\/\/vandorboy.com\/wp-content\/uploads\/2020\/05\/az-id\u0151j\u00e1r\u00e1s...jpg 545w, https:\/\/vandorboy.com\/wp-content\/uploads\/2020\/05\/az-id\u0151j\u00e1r\u00e1s..-300x232.jpg 300w\" sizes=\"auto, (max-width: 545px) 100vw, 545px\" \/><\/figure>\n\n\n\n<p>A k\u00f6rnyezettudatoss\u00e1g m\u00e1ra sz\u00e9les k\u00f6rben erk\u00f6lcsi norm\u00e1v\u00e1 v\u00e1lt. Nemcsak azok k\u00f6r\u00e9ben, akik k\u00fcsz\u00f6b\u00f6n \u00e1ll\u00f3 \u00f6kol\u00f3giai katasztr\u00f3f\u00e1t\u00f3l tartanak, hanem a kev\u00e9sb\u00e9 pesszimista halv\u00e1nyz\u00f6ldek k\u00f6r\u00e9ben is. B\u00e1r a t\u00f6bbs\u00e9g ezt \u00f6rvendetesnek tartja, Manson szerint s\u00falyos agg\u00e1lyokat vet fel a jelens\u00e9g.<\/p>\n\n\n\n<figure class=\"wp-block-image\"><img loading=\"lazy\" decoding=\"async\" width=\"480\" height=\"480\" src=\"https:\/\/vandorboy.com\/wp-content\/uploads\/2020\/05\/i-make-oxigen-what-do-you-do.jpg\" alt=\"\" class=\"wp-image-22891\" srcset=\"https:\/\/vandorboy.com\/wp-content\/uploads\/2020\/05\/i-make-oxigen-what-do-you-do.jpg 480w, https:\/\/vandorboy.com\/wp-content\/uploads\/2020\/05\/i-make-oxigen-what-do-you-do-150x150.jpg 150w, https:\/\/vandorboy.com\/wp-content\/uploads\/2020\/05\/i-make-oxigen-what-do-you-do-300x300.jpg 300w\" sizes=\"auto, (max-width: 480px) 100vw, 480px\" \/><\/figure>\n\n\n\n<p>Mint a New York Times egy decemberi cikk\u00e9ben&nbsp;<a rel=\"noreferrer noopener\" href=\"https:\/\/www.nytimes.com\/2019\/12\/09\/opinion\/recycling-myths.html?action=click&amp;module=Opinion&amp;pgtype=Homepage\" target=\"_blank\">r\u00e1mutatott<\/a>, a nagyv\u00e1llalatok \u00e9vtizedeken \u00e1t azt terjesztett\u00e9k, hogy az \u00fajrahasznos\u00edt\u00e1ssal meg lehet \u00e1ll\u00edtani a k\u00f6rnyezetszennyez\u00e9st. Csakhogy a kereskedelmi forgalomban haszn\u00e1lt m\u0171anyag egy r\u00e9sze egy\u00e1ltal\u00e1n nem hasznos\u00edthat\u00f3 \u00fajra, hi\u00e1ba nyomj\u00e1k r\u00e1 a z\u00f6ld h\u00e1romsz\u00f6get. \u00c9s m\u00e9g azt sem hasznos\u00edtj\u00e1k \u00fajra, amit lehetne, hi\u00e1ba a szelekt\u00edv gy\u0171jt\u00e9s. <\/p>\n\n\n\n<p>Tavaly Amerik\u00e1ban a forgalomba ker\u00fclt m\u0171anyag alig t\u00f6bb mint 8 sz\u00e1zal\u00e9k\u00e1t recikl\u00e1lt\u00e1k \u2013 a t\u00f6bbi (jelent\u0151s r\u00e9szben k\u00fclf\u00f6ldi) szem\u00e9tlerak\u00f3kba ker\u00fclt.<\/p>\n\n\n\n<figure class=\"wp-block-image\"><img loading=\"lazy\" decoding=\"async\" width=\"595\" height=\"552\" src=\"https:\/\/vandorboy.com\/wp-content\/uploads\/2020\/05\/amazon-amazoff.jpg\" alt=\"\" class=\"wp-image-22883\" srcset=\"https:\/\/vandorboy.com\/wp-content\/uploads\/2020\/05\/amazon-amazoff.jpg 595w, https:\/\/vandorboy.com\/wp-content\/uploads\/2020\/05\/amazon-amazoff-300x278.jpg 300w\" sizes=\"auto, (max-width: 595px) 100vw, 595px\" \/><\/figure>\n\n\n\n<p>Manson felid\u00e9zi, hogy&nbsp;<a rel=\"noreferrer noopener\" href=\"https:\/\/www.amazon.com\/Gone-Tomorrow-Hidden-Life-Garbage\/dp\/1595581200\" target=\"_blank\">a nagyv\u00e1llalatok m\u00e1r az \u00f6tvenes \u00e9vek \u00f3ta igyekeznek elterjeszteni az \u00fajrahasznos\u00edt\u00e1s m\u00edtosz\u00e1t<\/a>. Mik\u00f6zben a korm\u00e1nyn\u00e1l lobbiznak a k\u00f6rnyezetv\u00e9delmi el\u0151\u00edr\u00e1sok felpuh\u00edt\u00e1s\u00e1\u00e9rt,&nbsp;<a rel=\"noreferrer noopener\" href=\"https:\/\/www.google.com\/search?q=greenwashing&amp;rlz=1C1CHBF_enHU824HU824&amp;oq=greenwashing&amp;aqs=chrome.0.69i59l2j0l3j69i60l3.2887j0j9&amp;sourceid=chrome&amp;ie=UTF-8\" target=\"_blank\">z\u00f6ldre festik magukat<\/a>: z\u00e1szlajukra t\u0171zik a k\u00f6rnyezettudatoss\u00e1g jelszav\u00e1t, \u00e9s azt sugallj\u00e1k, hogy a szem\u00e9t \u00f6sszegy\u0171jt\u00e9s\u00e9vel megsz\u00fcntethet\u0151 a term\u00e9szetk\u00e1ros\u00edt\u00e1s. Saj\u00e1t z\u00f6ld im\u00e1zsuk er\u0151s\u00edt\u00e9se \u00e9s a fogyaszt\u00f3i k\u00f6rnyezettudatoss\u00e1g er\u0151s\u00edt\u00e9se \u00e9rdek\u00e9ben m\u00e9g \u201e<a rel=\"noreferrer noopener\" href=\"https:\/\/en.wikipedia.org\/wiki\/Keep_America_Beautiful\" target=\"_blank\">pszeudo-z\u00f6ld\u201d civil szervezeteket<\/a>&nbsp;is l\u00e9trehoznak \u2013 \u00edrja Manson. Mindezzel pedig azt sugallj\u00e1k, hogy kiz\u00e1r\u00f3lag a felel\u0151tlen fogyaszt\u00f3kat terheli a felel\u0151ss\u00e9g a k\u00f6rnyezetszennyez\u00e9s\u00e9rt.<\/p>\n\n\n\n<figure class=\"wp-block-image\"><img loading=\"lazy\" decoding=\"async\" width=\"480\" height=\"310\" src=\"https:\/\/vandorboy.com\/wp-content\/uploads\/2020\/05\/evolution-destruction.jpg\" alt=\"\" class=\"wp-image-22885\" srcset=\"https:\/\/vandorboy.com\/wp-content\/uploads\/2020\/05\/evolution-destruction.jpg 480w, https:\/\/vandorboy.com\/wp-content\/uploads\/2020\/05\/evolution-destruction-300x194.jpg 300w\" sizes=\"auto, (max-width: 480px) 100vw, 480px\" \/><\/figure>\n\n\n\n<p>\u201eAz egy\u00e9ni \u00fajrahasznos\u00edt\u00e1s nem mentheti meg a bolyg\u00f3t\u201d \u2013 \u00e1ll\u00edtja Manson. Szerinte az \u201e<a rel=\"noreferrer noopener\" href=\"https:\/\/en.wikipedia.org\/wiki\/Ecocide\" target=\"_blank\">\u00f6koc\u00eddium<\/a>\u201d csak a fogyaszt\u00e1s cs\u00f6kkent\u00e9s\u00e9vel, a nagyv\u00e1llalatok drasztikus korl\u00e1toz\u00e1s\u00e1val, \u00e9s v\u00e9gs\u0151 soron a kapitalizmus felsz\u00e1mol\u00e1s\u00e1val \u00e9rhet\u0151 el.<\/p>\n\n\n\n<figure class=\"wp-block-image\"><img loading=\"lazy\" decoding=\"async\" width=\"800\" height=\"503\" src=\"https:\/\/vandorboy.com\/wp-content\/uploads\/2020\/05\/recycle...pol_...jpg\" alt=\"\" class=\"wp-image-22888\" srcset=\"https:\/\/vandorboy.com\/wp-content\/uploads\/2020\/05\/recycle...pol_...jpg 800w, https:\/\/vandorboy.com\/wp-content\/uploads\/2020\/05\/recycle...pol_..-300x189.jpg 300w, https:\/\/vandorboy.com\/wp-content\/uploads\/2020\/05\/recycle...pol_..-768x483.jpg 768w, https:\/\/vandorboy.com\/wp-content\/uploads\/2020\/05\/recycle...pol_..-200x125.jpg 200w\" sizes=\"auto, (max-width: 800px) 100vw, 800px\" \/><\/figure>\n\n\n\n<p>Igen \u00e1m, csakhogy a fogyaszt\u00e1s cs\u00f6kkent\u00e9se s\u00falyos dilemm\u00e1kat vet fel, \u00e9spedig, mint&nbsp;<a rel=\"noreferrer noopener\" href=\"https:\/\/search.usi.ch\/en\/people\/8f0c90b5d00132c0ddc7373d7068cf54\/seele-peter\" target=\"_blank\">Peter Seele<\/a>&nbsp;\u00fczletietika-professzor a Neue Z\u00fcrcher Zeitungban r\u00e1mutat, egyr\u00e9szt gyakorlati k\u00e9rd\u00e9seket, m\u00e1sr\u00e9szt erk\u00f6lcsi jelleg\u0171 probl\u00e9m\u00e1kat.<\/p>\n\n\n\n<figure class=\"wp-block-image\"><img loading=\"lazy\" decoding=\"async\" width=\"620\" height=\"388\" src=\"https:\/\/vandorboy.com\/wp-content\/uploads\/2020\/05\/\u0151nmagunk-alatt-a-f\u00e1t.jpg\" alt=\"\" class=\"wp-image-22892\" srcset=\"https:\/\/vandorboy.com\/wp-content\/uploads\/2020\/05\/\u0151nmagunk-alatt-a-f\u00e1t.jpg 620w, https:\/\/vandorboy.com\/wp-content\/uploads\/2020\/05\/\u0151nmagunk-alatt-a-f\u00e1t-300x188.jpg 300w, https:\/\/vandorboy.com\/wp-content\/uploads\/2020\/05\/\u0151nmagunk-alatt-a-f\u00e1t-200x125.jpg 200w\" sizes=\"auto, (max-width: 620px) 100vw, 620px\" \/><\/figure>\n\n\n\n<p>Nemcsak a nagyv\u00e1llalatok, de&nbsp;<a rel=\"noreferrer noopener\" href=\"https:\/\/www.nzz.ch\/meinung\/klimanotstand-kann-nachhaltigkeit-unethisch-werden-ld.1520436\" target=\"_blank\">a politikusok is meglovagolj\u00e1k a z\u00f6ld hull\u00e1mot, \u00e9s igyekeznek magukat a k\u00f6rnyezetv\u00e9delem elk\u00f6telezett h\u00edvek\u00e9nt be\u00e1ll\u00edtani<\/a>. Ez\u00e9rt gyakran szimbolikus, \u00e1m jelent\u0151s k\u00f6rnyezetv\u00e9delmi haszonnal nem j\u00e1r\u00f3 int\u00e9zked\u00e9seket hoznak: p\u00e9ld\u00e1ul kl\u00edmav\u00e9szhelyzetet hirdetnek \u2013 \u00edrja Seele. \u00c9s ez m\u00e9g nem is a legrosszabb lehet\u0151s\u00e9g. Ha ugyanis komolyan venn\u00e9k, hogy v\u00e9szhelyzet van, akkor ak\u00e1r az egy\u00e9ni szabads\u00e1got is drasztikusan korl\u00e1toz\u00f3 int\u00e9zked\u00e9seket kellene hozniuk.<\/p>\n\n\n\n<figure class=\"wp-block-image\"><img loading=\"lazy\" decoding=\"async\" width=\"500\" height=\"443\" src=\"https:\/\/vandorboy.com\/wp-content\/uploads\/2020\/05\/brasilian-rainforest.jpg\" alt=\"\" class=\"wp-image-22886\" srcset=\"https:\/\/vandorboy.com\/wp-content\/uploads\/2020\/05\/brasilian-rainforest.jpg 500w, https:\/\/vandorboy.com\/wp-content\/uploads\/2020\/05\/brasilian-rainforest-300x266.jpg 300w\" sizes=\"auto, (max-width: 500px) 100vw, 500px\" \/><\/figure>\n\n\n\n<p>Egy <a rel=\"noreferrer noopener\" aria-label=\"r\u00f6vid video err\u0151l, (\u00faj f\u00fcl\u00f6n nyitja meg)\" href=\"https:\/\/youtu.be\/Ww_bVq9Sh_4\" target=\"_blank\">r\u00f6vid video err\u0151l,<\/a> jogi szab\u00e1lyoz\u00e1s sz\u00fcks\u00e9gess\u00e9g\u00e9r\u0151l stb. <\/p>\n\n\n\n<p>Illetve <a rel=\"noreferrer noopener\" aria-label=\"a story of stuff egy k\u00f6telez\u0151 (\u00faj f\u00fcl\u00f6n nyitja meg)\" href=\"https:\/\/www.youtube.com\/watch?v=9GorqroigqM&amp;t=60s\" target=\"_blank\">a story of stuff egy k\u00f6telez\u0151<\/a> alap, imm\u00e1ron magyar felirattal is.<\/p>\n\n\n\n<figure class=\"wp-block-image\"><img loading=\"lazy\" decoding=\"async\" width=\"600\" height=\"600\" src=\"https:\/\/vandorboy.com\/wp-content\/uploads\/2020\/05\/cation.png\" alt=\"\" class=\"wp-image-22887\" srcset=\"https:\/\/vandorboy.com\/wp-content\/uploads\/2020\/05\/cation.png 600w, https:\/\/vandorboy.com\/wp-content\/uploads\/2020\/05\/cation-150x150.png 150w, https:\/\/vandorboy.com\/wp-content\/uploads\/2020\/05\/cation-300x300.png 300w\" sizes=\"auto, (max-width: 600px) 100vw, 600px\" \/><\/figure>\n","protected":false},"excerpt":{"rendered":"<p>Tal\u00e1lkoztam egy \u00e9rdekes cikkel melyben felmer\u00fclt az \u00f6kocidum fogalma. R\u00e9g\u00f3ta foglalkoztat a t\u00e9ma, az emberis\u00e9g hat\u00e1sa a k\u00f6rnyezetre. S nem voltak k\u00e9telyeim, hisz ha van genoc\u00eddum (zsid\u00f3k, \u00f6rm\u00e9nyek, kurdok, ),&#8230;<\/p>\n","protected":false},"author":1,"featured_media":22883,"comment_status":"open","ping_status":"closed","sticky":false,"template":"","format":"standard","meta":{"ngg_post_thumbnail":0,"footnotes":""},"categories":[273,272],"tags":[],"class_list":["post-22879","post","type-post","status-publish","format-standard","has-post-thumbnail","hentry","category-rovid-szosszenetek","category-kozeleti-szosszenetek"],"_links":{"self":[{"href":"https:\/\/vandorboy.com\/en\/wp-json\/wp\/v2\/posts\/22879","targetHints":{"allow":["GET"]}}],"collection":[{"href":"https:\/\/vandorboy.com\/en\/wp-json\/wp\/v2\/posts"}],"about":[{"href":"https:\/\/vandorboy.com\/en\/wp-json\/wp\/v2\/types\/post"}],"author":[{"embeddable":true,"href":"https:\/\/vandorboy.com\/en\/wp-json\/wp\/v2\/users\/1"}],"replies":[{"embeddable":true,"href":"https:\/\/vandorboy.com\/en\/wp-json\/wp\/v2\/comments?post=22879"}],"version-history":[{"count":0,"href":"https:\/\/vandorboy.com\/en\/wp-json\/wp\/v2\/posts\/22879\/revisions"}],"wp:featuredmedia":[{"embeddable":true,"href":"https:\/\/vandorboy.com\/en\/wp-json\/wp\/v2\/media\/22883"}],"wp:attachment":[{"href":"https:\/\/vandorboy.com\/en\/wp-json\/wp\/v2\/media?parent=22879"}],"wp:term":[{"taxonomy":"category","embeddable":true,"href":"https:\/\/vandorboy.com\/en\/wp-json\/wp\/v2\/categories?post=22879"},{"taxonomy":"post_tag","embeddable":true,"href":"https:\/\/vandorboy.com\/en\/wp-json\/wp\/v2\/tags?post=22879"}],"curies":[{"name":"wp","href":"https:\/\/api.w.org\/{rel}","templated":true}]}}