{"id":9220,"date":"2016-01-22T00:31:57","date_gmt":"2016-01-22T00:31:57","guid":{"rendered":"https:\/\/vandorboy.com\/?p=9220"},"modified":"2016-12-03T10:23:08","modified_gmt":"2016-12-03T10:23:08","slug":"nov-27-vasarnap-jaratlan-utakon-fesztival-plakatja","status":"publish","type":"post","link":"https:\/\/vandorboy.com\/en\/nov-27-vasarnap-jaratlan-utakon-fesztival-plakatja\/","title":{"rendered":"Nov. 27 Vas\u00e1rnap, J\u00e1ratlan utakon fesztiv\u00e1l plak\u00e1tja"},"content":{"rendered":"<figure id=\"attachment_9221\" aria-describedby=\"caption-attachment-9221\" style=\"width: 300px\" class=\"wp-caption alignleft\"><a href=\"https:\/\/vandorboy.com\/wp-content\/uploads\/2016\/11\/Nov-27-vas\u00e1rnap-program-2mb.jpg\"><img loading=\"lazy\" decoding=\"async\" class=\"size-medium wp-image-9221\" src=\"https:\/\/vandorboy.com\/wp-content\/uploads\/2016\/11\/Nov-27-vas\u00e1rnap-program-2mb-300x212.jpg\" alt=\"nov. 27 vas\u00e1rnapi program\" width=\"300\" height=\"212\" srcset=\"https:\/\/vandorboy.com\/wp-content\/uploads\/2016\/11\/Nov-27-vas\u00e1rnap-program-2mb-300x212.jpg 300w, https:\/\/vandorboy.com\/wp-content\/uploads\/2016\/11\/Nov-27-vas\u00e1rnap-program-2mb-1024x724.jpg 1024w, https:\/\/vandorboy.com\/wp-content\/uploads\/2016\/11\/Nov-27-vas\u00e1rnap-program-2mb.jpg 1985w\" sizes=\"auto, (max-width: 300px) 100vw, 300px\" \/><\/a><figcaption id=\"caption-attachment-9221\" class=\"wp-caption-text\">nov. 27 vas\u00e1rnapi program &#8211; J\u00e1ratlan utakon<\/figcaption><\/figure>\n<p><a href=\"http:\/\/www.jaratlanutakon.hu\/wp-content\/uploads\/2016\/11\/PROGRAM_VASARNAP.jpg\" target=\"_blank\">Itt t\u00f6lthet\u0151<\/a> le a 2016 nov. 27 vas\u00e1rnapi J\u00e1ratlan utakon fesztiv\u00e1l r\u00e9szletes programja.<\/p>\n<p>J\u00f3 t\u00f6lt\u0151d\u00e9st \u00e9s inspir\u00e1ci\u00f3t. \u00a0A<a href=\"https:\/\/vandorboy.com\/english-nov-26-fesztival-program-plakatja\/\" target=\"_blank\"> nov. 26 szombati program<\/a> pedig let\u00f6lthet\u0151 itt.<\/p>\n","protected":false},"excerpt":{"rendered":"<p>Itt t\u00f6lthet\u0151 le a 2016 nov. 27 vas\u00e1rnapi J\u00e1ratlan utakon fesztiv\u00e1l r\u00e9szletes programja. J\u00f3 t\u00f6lt\u0151d\u00e9st \u00e9s inspir\u00e1ci\u00f3t. \u00a0A nov. 26 szombati program pedig let\u00f6lthet\u0151 itt.<\/p>\n","protected":false},"author":1,"featured_media":0,"comment_status":"open","ping_status":"closed","sticky":false,"template":"","format":"standard","meta":{"ngg_post_thumbnail":0,"footnotes":""},"categories":[1],"tags":[],"class_list":["post-9220","post","type-post","status-publish","format-standard","hentry","category-vandorboy-blogja"],"_links":{"self":[{"href":"https:\/\/vandorboy.com\/en\/wp-json\/wp\/v2\/posts\/9220","targetHints":{"allow":["GET"]}}],"collection":[{"href":"https:\/\/vandorboy.com\/en\/wp-json\/wp\/v2\/posts"}],"about":[{"href":"https:\/\/vandorboy.com\/en\/wp-json\/wp\/v2\/types\/post"}],"author":[{"embeddable":true,"href":"https:\/\/vandorboy.com\/en\/wp-json\/wp\/v2\/users\/1"}],"replies":[{"embeddable":true,"href":"https:\/\/vandorboy.com\/en\/wp-json\/wp\/v2\/comments?post=9220"}],"version-history":[{"count":0,"href":"https:\/\/vandorboy.com\/en\/wp-json\/wp\/v2\/posts\/9220\/revisions"}],"wp:attachment":[{"href":"https:\/\/vandorboy.com\/en\/wp-json\/wp\/v2\/media?parent=9220"}],"wp:term":[{"taxonomy":"category","embeddable":true,"href":"https:\/\/vandorboy.com\/en\/wp-json\/wp\/v2\/categories?post=9220"},{"taxonomy":"post_tag","embeddable":true,"href":"https:\/\/vandorboy.com\/en\/wp-json\/wp\/v2\/tags?post=9220"}],"curies":[{"name":"wp","href":"https:\/\/api.w.org\/{rel}","templated":true}]}}